{"id":2548,"date":"2024-11-27T08:47:50","date_gmt":"2024-11-27T08:47:50","guid":{"rendered":"http:\/\/www.tkprelog.hr\/?p=2548"},"modified":"2024-11-27T08:48:08","modified_gmt":"2024-11-27T08:48:08","slug":"niz-predivnih-rezultata-mladih-generacija","status":"publish","type":"post","link":"https:\/\/www.tkprelog.hr\/?p=2548","title":{"rendered":"NIZ PREDIVNIH REZULTATA MLADIH GENERACIJA"},"content":{"rendered":"\n<p>Nastavljamo sa izvrsnim rezultatima u 8.-ici. Na turniru u Virovitici, u organizaciji TK Tvin, na\u0161 Deni Fu\u0161 osvaja 1.mjesto<img decoding=\"async\" loading=\"lazy\" height=\"16\" width=\"16\" alt=\"????\" src=\"https:\/\/static.xx.fbcdn.net\/images\/emoji.php\/v9\/t6d\/1\/16\/1f973.png\"><img decoding=\"async\" loading=\"lazy\" height=\"16\" width=\"16\" alt=\"????\" src=\"https:\/\/static.xx.fbcdn.net\/images\/emoji.php\/v9\/t8c\/1\/16\/1f389.png\"><img decoding=\"async\" loading=\"lazy\" height=\"16\" width=\"16\" alt=\"????\" src=\"https:\/\/static.xx.fbcdn.net\/images\/emoji.php\/v9\/t94\/1\/16\/1f947.png\"> u svojoj skupini a Mateo Sa\u010der 2.mjesto<img decoding=\"async\" loading=\"lazy\" height=\"16\" width=\"16\" alt=\"????\" src=\"https:\/\/static.xx.fbcdn.net\/images\/emoji.php\/v9\/t58\/1\/16\/1f929.png\"><img decoding=\"async\" loading=\"lazy\" height=\"16\" width=\"16\" alt=\"????\" src=\"https:\/\/static.xx.fbcdn.net\/images\/emoji.php\/v9\/t6d\/1\/16\/1f973.png\"><img decoding=\"async\" loading=\"lazy\" height=\"16\" width=\"16\" alt=\"????\" src=\"https:\/\/static.xx.fbcdn.net\/images\/emoji.php\/v9\/t15\/1\/16\/1f948.png\">. Bravo de\u010dki!!!<\/p>\n\n\n\n<figure class=\"wp-block-image size-large\"><img decoding=\"async\" loading=\"lazy\" width=\"768\" height=\"1024\" src=\"https:\/\/www.tkprelog.hr\/wp-content\/uploads\/2024\/11\/448509250_1210281430375990_5967203870105656818_n-768x1024.jpg\" alt=\"\" class=\"wp-image-2549\" srcset=\"https:\/\/www.tkprelog.hr\/wp-content\/uploads\/2024\/11\/448509250_1210281430375990_5967203870105656818_n-768x1024.jpg 768w, https:\/\/www.tkprelog.hr\/wp-content\/uploads\/2024\/11\/448509250_1210281430375990_5967203870105656818_n-225x300.jpg 225w, https:\/\/www.tkprelog.hr\/wp-content\/uploads\/2024\/11\/448509250_1210281430375990_5967203870105656818_n-1152x1536.jpg 1152w, https:\/\/www.tkprelog.hr\/wp-content\/uploads\/2024\/11\/448509250_1210281430375990_5967203870105656818_n.jpg 1200w\" sizes=\"(max-width: 768px) 100vw, 768px\" \/><\/figure>\n","protected":false},"excerpt":{"rendered":"<p>Nastavljamo sa izvrsnim rezultatima u 8.-ici. Na turniru u Virovitici, u organizaciji TK Tvin, na\u0161 Deni Fu\u0161 osvaja 1.mjesto u svojoj skupini a Mateo Sa\u010der 2.mjesto. Bravo de\u010dki!!!<\/p>\n","protected":false},"author":74,"featured_media":2549,"comment_status":"open","ping_status":"open","sticky":false,"template":"","format":"standard","meta":{"ngg_post_thumbnail":0},"categories":[4],"tags":[],"_links":{"self":[{"href":"https:\/\/www.tkprelog.hr\/index.php?rest_route=\/wp\/v2\/posts\/2548"}],"collection":[{"href":"https:\/\/www.tkprelog.hr\/index.php?rest_route=\/wp\/v2\/posts"}],"about":[{"href":"https:\/\/www.tkprelog.hr\/index.php?rest_route=\/wp\/v2\/types\/post"}],"author":[{"embeddable":true,"href":"https:\/\/www.tkprelog.hr\/index.php?rest_route=\/wp\/v2\/users\/74"}],"replies":[{"embeddable":true,"href":"https:\/\/www.tkprelog.hr\/index.php?rest_route=%2Fwp%2Fv2%2Fcomments&post=2548"}],"version-history":[{"count":2,"href":"https:\/\/www.tkprelog.hr\/index.php?rest_route=\/wp\/v2\/posts\/2548\/revisions"}],"predecessor-version":[{"id":2551,"href":"https:\/\/www.tkprelog.hr\/index.php?rest_route=\/wp\/v2\/posts\/2548\/revisions\/2551"}],"wp:featuredmedia":[{"embeddable":true,"href":"https:\/\/www.tkprelog.hr\/index.php?rest_route=\/wp\/v2\/media\/2549"}],"wp:attachment":[{"href":"https:\/\/www.tkprelog.hr\/index.php?rest_route=%2Fwp%2Fv2%2Fmedia&parent=2548"}],"wp:term":[{"taxonomy":"category","embeddable":true,"href":"https:\/\/www.tkprelog.hr\/index.php?rest_route=%2Fwp%2Fv2%2Fcategories&post=2548"},{"taxonomy":"post_tag","embeddable":true,"href":"https:\/\/www.tkprelog.hr\/index.php?rest_route=%2Fwp%2Fv2%2Ftags&post=2548"}],"curies":[{"name":"wp","href":"https:\/\/api.w.org\/{rel}","templated":true}]}}