{"id":1389,"date":"2020-03-03T21:33:59","date_gmt":"2020-03-03T21:33:59","guid":{"rendered":"http:\/\/www.tkprelog.hr\/?p=1389"},"modified":"2020-03-03T21:34:56","modified_gmt":"2020-03-03T21:34:56","slug":"nase-trener-damir-krcar-dobitniku-priznanja-franjo-puncec","status":"publish","type":"post","link":"https:\/\/www.tkprelog.hr\/?p=1389","title":{"rendered":"NA\u0160 TRENER DAMIR KR\u010cAR, DOBITNIK PRIZNANJA &#8220;FRANJO PUN\u010cEC&#8221;"},"content":{"rendered":"\n<p>\u010cestitamo na\u0161em treneru Damiru Kr\u010daru, dobitniku Priznanja &#8220;Franjo Pun\u010dec&#8221; za postignu\u0107a i doprinos od izuzetnog zna\u010daja za razvoj sporta u Me\u0111imurskoj \u017eupaniji!<\/p>\n\n\n\n<figure class=\"wp-block-image\"><img decoding=\"async\" loading=\"lazy\" width=\"1024\" height=\"498\" src=\"http:\/\/www.tkprelog.hr\/wp-content\/uploads\/2020\/03\/sl1-1024x498.jpg\" alt=\"\" class=\"wp-image-1390\" srcset=\"https:\/\/www.tkprelog.hr\/wp-content\/uploads\/2020\/03\/sl1-1024x498.jpg 1024w, https:\/\/www.tkprelog.hr\/wp-content\/uploads\/2020\/03\/sl1-300x146.jpg 300w, https:\/\/www.tkprelog.hr\/wp-content\/uploads\/2020\/03\/sl1-768x373.jpg 768w, https:\/\/www.tkprelog.hr\/wp-content\/uploads\/2020\/03\/sl1.jpg 1316w\" sizes=\"(max-width: 1024px) 100vw, 1024px\" \/><\/figure>\n\n\n\n<figure class=\"wp-block-image\"><img decoding=\"async\" loading=\"lazy\" width=\"466\" height=\"960\" src=\"http:\/\/www.tkprelog.hr\/wp-content\/uploads\/2020\/03\/sl2.jpg\" alt=\"\" class=\"wp-image-1391\" srcset=\"https:\/\/www.tkprelog.hr\/wp-content\/uploads\/2020\/03\/sl2.jpg 466w, https:\/\/www.tkprelog.hr\/wp-content\/uploads\/2020\/03\/sl2-146x300.jpg 146w\" sizes=\"(max-width: 466px) 100vw, 466px\" \/><\/figure>\n\n\n\n<figure class=\"wp-block-image\"><img decoding=\"async\" loading=\"lazy\" width=\"466\" height=\"960\" src=\"http:\/\/www.tkprelog.hr\/wp-content\/uploads\/2020\/03\/sl3.jpg\" alt=\"\" class=\"wp-image-1392\" srcset=\"https:\/\/www.tkprelog.hr\/wp-content\/uploads\/2020\/03\/sl3.jpg 466w, https:\/\/www.tkprelog.hr\/wp-content\/uploads\/2020\/03\/sl3-146x300.jpg 146w\" sizes=\"(max-width: 466px) 100vw, 466px\" \/><\/figure>\n\n\n\n<figure class=\"wp-block-image\"><img decoding=\"async\" loading=\"lazy\" width=\"466\" height=\"960\" src=\"http:\/\/www.tkprelog.hr\/wp-content\/uploads\/2020\/03\/sl4.jpg\" alt=\"\" class=\"wp-image-1393\" srcset=\"https:\/\/www.tkprelog.hr\/wp-content\/uploads\/2020\/03\/sl4.jpg 466w, https:\/\/www.tkprelog.hr\/wp-content\/uploads\/2020\/03\/sl4-146x300.jpg 146w\" sizes=\"(max-width: 466px) 100vw, 466px\" \/><\/figure>\n","protected":false},"excerpt":{"rendered":"<p>\u010cestitamo na\u0161em treneru Damiru Kr\u010daru, dobitniku Priznanja &#8220;Franjo Pun\u010dec&#8221; za postignu\u0107a i doprinos od izuzetnog zna\u010daja za razvoj sporta u Me\u0111imurskoj \u017eupaniji!<\/p>\n","protected":false},"author":73,"featured_media":0,"comment_status":"open","ping_status":"open","sticky":false,"template":"","format":"standard","meta":{"ngg_post_thumbnail":0},"categories":[4],"tags":[],"_links":{"self":[{"href":"https:\/\/www.tkprelog.hr\/index.php?rest_route=\/wp\/v2\/posts\/1389"}],"collection":[{"href":"https:\/\/www.tkprelog.hr\/index.php?rest_route=\/wp\/v2\/posts"}],"about":[{"href":"https:\/\/www.tkprelog.hr\/index.php?rest_route=\/wp\/v2\/types\/post"}],"author":[{"embeddable":true,"href":"https:\/\/www.tkprelog.hr\/index.php?rest_route=\/wp\/v2\/users\/73"}],"replies":[{"embeddable":true,"href":"https:\/\/www.tkprelog.hr\/index.php?rest_route=%2Fwp%2Fv2%2Fcomments&post=1389"}],"version-history":[{"count":3,"href":"https:\/\/www.tkprelog.hr\/index.php?rest_route=\/wp\/v2\/posts\/1389\/revisions"}],"predecessor-version":[{"id":1396,"href":"https:\/\/www.tkprelog.hr\/index.php?rest_route=\/wp\/v2\/posts\/1389\/revisions\/1396"}],"wp:attachment":[{"href":"https:\/\/www.tkprelog.hr\/index.php?rest_route=%2Fwp%2Fv2%2Fmedia&parent=1389"}],"wp:term":[{"taxonomy":"category","embeddable":true,"href":"https:\/\/www.tkprelog.hr\/index.php?rest_route=%2Fwp%2Fv2%2Fcategories&post=1389"},{"taxonomy":"post_tag","embeddable":true,"href":"https:\/\/www.tkprelog.hr\/index.php?rest_route=%2Fwp%2Fv2%2Ftags&post=1389"}],"curies":[{"name":"wp","href":"https:\/\/api.w.org\/{rel}","templated":true}]}}