{"id":1316,"date":"2019-09-23T18:24:50","date_gmt":"2019-09-23T18:24:50","guid":{"rendered":"http:\/\/www.tkprelog.hr\/?p=1316"},"modified":"2019-09-27T18:43:06","modified_gmt":"2019-09-27T18:43:06","slug":"izborna-skupstina-teniskog-kluba-prelog","status":"publish","type":"post","link":"https:\/\/www.tkprelog.hr\/?p=1316","title":{"rendered":"IZBORNA SKUP\u0160TINA TENISKOG KLUBA PRELOG"},"content":{"rendered":"\n<p>\nU\nPrelogu je 20. rujna 2019. godine odr\u017eana Redovna Izborna skup\u0161tina\nTeniskog kluba Prelog na kojoj je izabrano novo rukovodstvo kluba.<\/p>\n\n\n\n<p>\nZa\npredsjednicu Kluba u \u010detverogodi\u0161njem mandatu izabrana je Sonja\nIvo\u0161, za potpredsjenika Darko \u010cavlek, a za tajnicu Nata\u0161a Jur\u010dec.<\/p>\n\n\n\n<p>\nUz\npredsjedni\u0161tvo, biran je i novi sastav Izvr\u0161nog odbora: Sonja Ivo\u0161,\nNenad Martinec, Dejan Slavi\u010dek, Kre\u0161imir Horvat, Matija Poredo\u0161 i\nMilivoj Petkovi\u0107.<\/p>\n\n\n\n<p>\nZa\n\u010dlanove Nadzornog odbora izabrani su: Sa\u0161a \u0160koda, \u017darko Bermanec\ni Goran Gotal.<\/p>\n\n\n\n<p>\nTijekom\nskup\u0161tine, dosada\u0161nji predsjednik Zlatko Filipi\u0107 podnio je\nizvje\u0161\u0107e o radu u mandatu 2015.-2019. godine.<\/p>\n\n\n\n<p>\n\u2022\tIzgradnja\ndva nova terena \u2013 izgradnjom dva nova terena stekli su se uvjeti za\norganizaciju ve\u0107ih turnira, pobolj\u0161anje uvjeta \u0161kole tenisa, a\ntako\u0111er i mogu\u0107nosti omasovljenja \u010dlanstva \u0161to se kasnije i\nostvarilo jer nikad vi\u0161e ljudi nije igralo tenis u Prelogu nego\nzadnje dvije godine. Tereni su sve\u010dano otvoreni 18. svibnja 2017.g.<\/p>\n\n\n\n<p>\n\u2022\t\u0160kola\ntenisa \u2013 \u0160kola tenisa podignuta je na jedan vi\u0161i nivo, zaposlena\nsu dva trenera, jedan trener trenutno poha\u0111a te\u010daj za trenera, a\njo\u0161 jedan kre\u0107e na usavr\u0161avanje ove jeseni. \u0160kolu tenisa\nkontinuirano je poha\u0111alo 25-30 djece a da se dobro radi vidljivo je\ni po rezultatima u posljednje vrijeme. Tako je Tamara Balent druga na\nrang listi HTS-a za djevoj\u010dice do 12 godina a veliki uspjeh je i\nplasman na\u0161ih \u010dak \u010detvero tenisa\u010dica do 10 godina na regionalni\nmasters TSSH-a ove godine. Valja istaknuti i 1. mjesto 2016. ekipe\ndjece do 8 godina na turniru TSSH-a.<\/p>\n\n\n\n<p>\n\u2022\tAplikacija\nza rezervaciju terena \u2013 svakako jedna od va\u017enijih stvari koju smo\nuveli u ovom razdoblju je uvo\u0111enje on-line aplikacije za rezervaciju\nterena. Aplikacija je djelo na\u0161ih \u010dlanova koji su vlastitim su\nznanjem i idejama osmislili ovu aplikaciju preko koje \u010dlanovi imaju\nuvid o slobodnim terminima te veoma jednostavno mogu rezervirati\nteren do tjedan dana unaprijed, te o rasporedu i rezultatima lige\nkluba i prvenstva. Ovime smo do\u0161li do toga da je popunjenost terena\ndovedena do prakti\u010dki maksimuma, tj. u udarnim terminima (radnim\ndanom nave\u010der) su svakodnevno svih 5 terena popunjeno.<\/p>\n\n\n\n<p> \u2022 Organizacija turnira \u2013 Svih ovih godina organiziran je turnir za djecu do 8, 9 i 10 godina kao i  turnir mje\u0161ovitih parova po kojima smo postali ve\u0107 prepoznatljivi u regiji. Pro\u0161le godine po prvi put smo organizirali i OP Preloga za seniore, \u017eene i veterane na kojem je sudjelovalo preko 50-ak tenisa\u010dica i tenisa\u010da iz regije a tako\u0111er i turnir za djecu do 12 i 14 godina.  <\/p>\n\n\n\n<p>\n\u2022\tNatjecanja\n\u010dlanova pod okriljem TSM, TSSH i HTS-a \u2013 Na\u0161i \u010dlanovi\nkontinuirano sudjeluju u raznim ligama pod okriljem TSM, TSSH i HTS-a\npa je tako svih ovih godina seniorska ekipa sudjelovala u 3.HL regiji\nsjeverozapad, \u017eenska ekipa u takmi\u010denjima TSSH, te tri ekipe\nveterana u ligi TSM-a a 2016 i u Hrvatskoj ligi. Posebno je uspje\u0161na\nbila \u017eenska ekipa koja je osvojila tri 1. mjesta na zimskim i\nljetnim prvenstvima regije, veterani su ostvarili 2 finala lige\nTSM-a, jedno polufinale a posebno treba naglasiti ovu godinu u kojoj\nsu sve tri na\u0161e ekipe izborile plasman me\u0111u 8 najboljih. Valja\nistaknuti i 3. mjesto veteranske ekipe u natjecanju Hrvatske lige\nveterana u 2016.godini.<\/p>\n\n\n\n<p>\n\u2022\tIzlo\u017eba\npovodom 30 godina osnutka kluba &#8211; 14. listopada 2016. prigodnom je\nsve\u010dano\u0161\u0107u TK Prelog proslavio je trideseti ro\u0111endan. Proslava je\nodr\u017eana u Multimedijalnoj dvorani Muzeja Croata insulanus Grada\nPreloga, a tom prilikom otvorena je i prigodna izlo\u017eba fotografija i\nteniskih rekvizita kojom smo se prisjetili bogate i duge teniske\npovijesti grada Preloga. \n<\/p>\n\n\n\n<p>\n\u2022\tTeniski\ntop \u2013 tijekom 2018. kupljen je teniski top za \u0161kolu tenisa, \u010dime\nje omogu\u0107ena jo\u0161 kvalitetnija provedba \u0160kole tenisa.<\/p>\n\n\n\n<p style=\"text-align:left\">\nDosada\u0161nji\npredsjednik se zahvalio svojim suradnicima, podupirateljima i svim\n\u010dlanicama i \u010dlanovima TK Prelog, te novom rukovodstvu po\u017eelio puno\nuspjeha u radu.<\/p>\n\n\n\n<p style=\"text-align:right\">                                                                                                             <strong>PREDSJEDNICA<\/strong><\/p>\n\n\n\n<p style=\"text-align:right\">                                                                                                                    <strong>Sonja Ivo\u0161<\/strong><\/p>\n\n\n\n<p><\/p>\n\n\n\n<figure class=\"wp-block-image\"><img decoding=\"async\" loading=\"lazy\" width=\"1024\" height=\"498\" src=\"http:\/\/www.tkprelog.hr\/wp-content\/uploads\/2019\/09\/IMG-c5baa039146f20358e8cb9ad6238549d-V-1024x498.jpg\" alt=\"\" class=\"wp-image-1317\" srcset=\"https:\/\/www.tkprelog.hr\/wp-content\/uploads\/2019\/09\/IMG-c5baa039146f20358e8cb9ad6238549d-V-1024x498.jpg 1024w, https:\/\/www.tkprelog.hr\/wp-content\/uploads\/2019\/09\/IMG-c5baa039146f20358e8cb9ad6238549d-V-300x146.jpg 300w, https:\/\/www.tkprelog.hr\/wp-content\/uploads\/2019\/09\/IMG-c5baa039146f20358e8cb9ad6238549d-V-768x373.jpg 768w, https:\/\/www.tkprelog.hr\/wp-content\/uploads\/2019\/09\/IMG-c5baa039146f20358e8cb9ad6238549d-V.jpg 1280w\" sizes=\"(max-width: 1024px) 100vw, 1024px\" \/><\/figure>\n\n\n\n<figure class=\"wp-block-image\"><img decoding=\"async\" loading=\"lazy\" width=\"1024\" height=\"498\" src=\"http:\/\/www.tkprelog.hr\/wp-content\/uploads\/2019\/09\/IMG-74760e29743bd3dc19ca4c8140fba325-V-1-1024x498.jpg\" alt=\"\" class=\"wp-image-1319\" srcset=\"https:\/\/www.tkprelog.hr\/wp-content\/uploads\/2019\/09\/IMG-74760e29743bd3dc19ca4c8140fba325-V-1-1024x498.jpg 1024w, https:\/\/www.tkprelog.hr\/wp-content\/uploads\/2019\/09\/IMG-74760e29743bd3dc19ca4c8140fba325-V-1-300x146.jpg 300w, https:\/\/www.tkprelog.hr\/wp-content\/uploads\/2019\/09\/IMG-74760e29743bd3dc19ca4c8140fba325-V-1-768x373.jpg 768w, https:\/\/www.tkprelog.hr\/wp-content\/uploads\/2019\/09\/IMG-74760e29743bd3dc19ca4c8140fba325-V-1.jpg 1280w\" sizes=\"(max-width: 1024px) 100vw, 1024px\" \/><\/figure>\n\n\n\n<figure class=\"wp-block-image\"><img decoding=\"async\" loading=\"lazy\" width=\"1024\" height=\"498\" src=\"http:\/\/www.tkprelog.hr\/wp-content\/uploads\/2019\/09\/IMG-5ac7a4014937210265cd1fce92187de4-V-1024x498.jpg\" alt=\"\" class=\"wp-image-1320\" srcset=\"https:\/\/www.tkprelog.hr\/wp-content\/uploads\/2019\/09\/IMG-5ac7a4014937210265cd1fce92187de4-V-1024x498.jpg 1024w, https:\/\/www.tkprelog.hr\/wp-content\/uploads\/2019\/09\/IMG-5ac7a4014937210265cd1fce92187de4-V-300x146.jpg 300w, https:\/\/www.tkprelog.hr\/wp-content\/uploads\/2019\/09\/IMG-5ac7a4014937210265cd1fce92187de4-V-768x373.jpg 768w, https:\/\/www.tkprelog.hr\/wp-content\/uploads\/2019\/09\/IMG-5ac7a4014937210265cd1fce92187de4-V.jpg 1280w\" sizes=\"(max-width: 1024px) 100vw, 1024px\" \/><\/figure>\n\n\n\n<figure class=\"wp-block-image\"><img decoding=\"async\" loading=\"lazy\" width=\"1024\" height=\"498\" src=\"http:\/\/www.tkprelog.hr\/wp-content\/uploads\/2019\/09\/IMG-dc2734341104a303936fcbc5216dd1e9-V-1024x498.jpg\" alt=\"\" class=\"wp-image-1321\" srcset=\"https:\/\/www.tkprelog.hr\/wp-content\/uploads\/2019\/09\/IMG-dc2734341104a303936fcbc5216dd1e9-V-1024x498.jpg 1024w, https:\/\/www.tkprelog.hr\/wp-content\/uploads\/2019\/09\/IMG-dc2734341104a303936fcbc5216dd1e9-V-300x146.jpg 300w, https:\/\/www.tkprelog.hr\/wp-content\/uploads\/2019\/09\/IMG-dc2734341104a303936fcbc5216dd1e9-V-768x373.jpg 768w, https:\/\/www.tkprelog.hr\/wp-content\/uploads\/2019\/09\/IMG-dc2734341104a303936fcbc5216dd1e9-V.jpg 1280w\" sizes=\"(max-width: 1024px) 100vw, 1024px\" \/><\/figure>\n","protected":false},"excerpt":{"rendered":"<p>U Prelogu je 20. rujna 2019. godine odr\u017eana Redovna Izborna skup\u0161tina Teniskog kluba Prelog na kojoj je izabrano novo rukovodstvo kluba. Za predsjednicu Kluba u \u010detverogodi\u0161njem mandatu izabrana je Sonja &#8230;<\/p>\n","protected":false},"author":73,"featured_media":0,"comment_status":"open","ping_status":"open","sticky":false,"template":"","format":"standard","meta":{"ngg_post_thumbnail":0},"categories":[4],"tags":[],"_links":{"self":[{"href":"https:\/\/www.tkprelog.hr\/index.php?rest_route=\/wp\/v2\/posts\/1316"}],"collection":[{"href":"https:\/\/www.tkprelog.hr\/index.php?rest_route=\/wp\/v2\/posts"}],"about":[{"href":"https:\/\/www.tkprelog.hr\/index.php?rest_route=\/wp\/v2\/types\/post"}],"author":[{"embeddable":true,"href":"https:\/\/www.tkprelog.hr\/index.php?rest_route=\/wp\/v2\/users\/73"}],"replies":[{"embeddable":true,"href":"https:\/\/www.tkprelog.hr\/index.php?rest_route=%2Fwp%2Fv2%2Fcomments&post=1316"}],"version-history":[{"count":2,"href":"https:\/\/www.tkprelog.hr\/index.php?rest_route=\/wp\/v2\/posts\/1316\/revisions"}],"predecessor-version":[{"id":1323,"href":"https:\/\/www.tkprelog.hr\/index.php?rest_route=\/wp\/v2\/posts\/1316\/revisions\/1323"}],"wp:attachment":[{"href":"https:\/\/www.tkprelog.hr\/index.php?rest_route=%2Fwp%2Fv2%2Fmedia&parent=1316"}],"wp:term":[{"taxonomy":"category","embeddable":true,"href":"https:\/\/www.tkprelog.hr\/index.php?rest_route=%2Fwp%2Fv2%2Fcategories&post=1316"},{"taxonomy":"post_tag","embeddable":true,"href":"https:\/\/www.tkprelog.hr\/index.php?rest_route=%2Fwp%2Fv2%2Ftags&post=1316"}],"curies":[{"name":"wp","href":"https:\/\/api.w.org\/{rel}","templated":true}]}}